{"id":2294,"date":"2020-12-30T20:05:21","date_gmt":"2020-12-30T20:05:21","guid":{"rendered":"https:\/\/buzzperformance.com\/tour-de-france-2019\/"},"modified":"2021-04-29T16:20:28","modified_gmt":"2021-04-29T15:20:28","slug":"tour-de-france-2019","status":"publish","type":"post","link":"https:\/\/buzzperformance.com\/fr\/blog\/tour-de-france-2019\/","title":{"rendered":"Tour de France 2019"},"content":{"rendered":"<p>En attendant que le Tour de France revienne sur les c\u00e9l\u00e8bres cols entourant Morzine (ce n&#8217;est qu&#8217;une question de temps !), Buzz vous propose quelques jours d&#8217;aventure pour suivre le Tour l\u00e0 o\u00f9 il se trouve le plus pr\u00e8s de chez vous.<\/p>\n<p>Pour le tour 2019, nous sommes rest\u00e9s \u00e0 Valmienier, \u00e0 3 heures de route de Morzine, bas\u00e9 dans l&#8217;une des meilleures destinations de cyclisme sur route dans les Alpes. Nous avons s\u00e9journ\u00e9 dans le merveilleux Chalet Thabor 1000 o\u00f9 nous avons \u00e9t\u00e9 chaleureusement accueillis et install\u00e9s pour les jours suivants.<\/p>\n<p>Avec la participation de cyclistes et de non-cyclistes, Buzz a veill\u00e9 \u00e0 ce que chacun tire le meilleur parti de son voyage et puisse voir autant de choses que possible sur le circuit. Les cyclistes ont eu l&#8217;occasion de monter les Lacets du Mont Vernier (une spectaculaire mont\u00e9e en lacets) et le Col du T\u00e9l\u00e9graphe avant d&#8217;arriver \u00e0 Valmienier. La vague de chaleur a fait transpirer la vie mais tout le monde a fait un travail formidable pour faire du v\u00e9lo. Sans oublier ceux qui profitent de l&#8217;air conditionn\u00e9 dans la voiture sur le trajet un peu plus tard. Le chef Pippa avait pr\u00e9par\u00e9 de d\u00e9licieuses lasagnes pour nous ce soir-l\u00e0, pendant que nous \u00e9laborions un plan d&#8217;action pour le lendemain matin.<\/p>\n<p>La 18e \u00e9tape du Tour de France, d&#8217;Embrun \u00e0 Valloire, a permis de terminer le tour juste \u00e0 c\u00f4t\u00e9 de Valmeinier. Ceux qui voulaient s&#8217;attaquer au Col de Galibier sont mont\u00e9s de Valmienier \u00e0 l&#8217;heure du d\u00e9jeuner et ont trouv\u00e9 un endroit sur le versant du Col du Lauret du Galibier en vue de regarder le tour monter de Brian\u00e7on, \u00e0 quelques centaines de m\u00e8tres du sommet. D&#8217;autres ont p\u00e9dal\u00e9 jusqu&#8217;\u00e0 Valloire pour attraper l&#8217;arriv\u00e9e et d\u00e9jeuner tranquillement en attendant. Notre point de vue sur le Galibier ne pouvait pas \u00eatre meilleur. Nous avons pu voir la caravane s&#8217;approcher, lan\u00e7ant toutes sortes d&#8217;objets publicitaires aux spectateurs d\u00e9sesp\u00e9r\u00e9s. Le ronronnement plut\u00f4t mena\u00e7ant des h\u00e9licopt\u00e8res remonte la vall\u00e9e, indiquant que les cyclistes ne sont pas loin. En regardant les cyclistes s&#8217;approcher, la foule a ador\u00e9 chaque seconde d&#8217;acclamation de tous les participants. Joe avait des mises \u00e0 jour en direct sur son t\u00e9l\u00e9phone et bien qu&#8217;il ait pu annoncer le vainqueur de l&#8217;\u00e9tape (Quintana), il a \u00e9galement annonc\u00e9 la mauvaise nouvelle que nous devions probablement rentrer \u00e0 v\u00e9lo sous la pluie. Mais quelle aventure ce fut ! Pour toute journ\u00e9e en montagne, il faut toujours \u00eatre pr\u00e9par\u00e9 au fait que le temps peut changer tr\u00e8s rapidement. Une pr\u00e9vision a ses limites ; on ne peut jamais \u00eatre s\u00fbr de l&#8217;heure \u00e0 laquelle la temp\u00eate va se produire. Une fois la visite termin\u00e9e, la foule \u00e9tait pr\u00eate \u00e0 rentrer chez elle. Jamais d\u00e9tremp\u00e9s, mais toujours souriants, les membres de l&#8217;\u00e9quipe Buzz, et ceux qui avaient assist\u00e9 \u00e0 l&#8217;arriv\u00e9e \u00e0 Valloire, sont rentr\u00e9s sains et saufs. Nous nous sommes r\u00e9chauff\u00e9s avec des douches chaudes et un plat local de tartiflette qui r\u00e9chauffe le ventre dans un restaurant.<\/p>\n<p>\u00c9tape 19 De Saint Jean de Maurienne \u00e0 Tignes. Les cyclistes ont conduit pour faire le Col de l&#8217;Iseran. Il y avait manifestement quelque chose dans l&#8217;air, car les gendarmes \u00e9taient r\u00e9ticents \u00e0 laisser les spectateurs monter dans le col pour regarder. Avec le recul, la m\u00e9t\u00e9o en \u00e9tait tr\u00e8s probablement la raison. Comme nous le savons maintenant, une temp\u00eate de gr\u00eale \u00e9tait imminente. Peut-\u00eatre que les organisateurs esp\u00e9raient que la temp\u00eate n&#8217;arriverait jamais, mais elle est arriv\u00e9e, et le Tour de France 2019 est entr\u00e9 dans l&#8217;histoire en \u00e9courtant une \u00e9tape et en modifiant totalement une autre. N\u00e9anmoins, l&#8217;\u00e9quipe de Buzz a pu assister au tour sur l&#8217;Iseran et les non cyclistes sont all\u00e9s voir le d\u00e9part \u00e0 Saint Jean de Maurienne. L&#8217;atmosph\u00e8re dans la ville \u00e9tait bourdonnante et les v\u00e9los et parapluies jaunes d\u00e9coraient les b\u00e2timents. La caravane s&#8217;est mise en route et une fois de plus, c&#8217;\u00e9tait la ru\u00e9e pour obtenir le plus de cadeaux possible. Ayant vu la caravane vers la fin de la tourn\u00e9e la veille, il \u00e9tait impressionnant de voir que leur niveau d&#8217;\u00e9nergie et leur enthousiasme (et sur l&#8217;\u00e9tape 19 !) \u00e9taient toujours aussi forts. Apr\u00e8s une petite sieste et un pique-nique dans le parc, nous avons pris place le long de la rue principale pour regarder le d\u00e9part de la tourn\u00e9e. Les v\u00e9hicules d&#8217;assistance sont pass\u00e9s en premier, ainsi que les \u00e9quipes de t\u00e9l\u00e9vision, les motos et enfin les cyclistes ont fil\u00e9 dans un tourbillon de maillots color\u00e9s. Ce soir-l\u00e0, nous nous sommes tous r\u00e9unis pour discuter de la m\u00e9t\u00e9o inhabituelle autour d&#8217;un barbecue et partager nos journ\u00e9es, en envisageant ce qui allait se passer pour la 20e \u00e9tape.<\/p>\n<p>Ce qui devait \u00eatre une autre \u00e9tape de montagne a \u00e9t\u00e9 r\u00e9duite \u00e0 59 km et le tour a pris une route directe d&#8217;Albertville \u00e0 Val Thorens. Dommage car certains Buzz Bees avaient termin\u00e9 l&#8217;\u00c9tape la semaine pr\u00e9c\u00e9dente et ne verraient pas la tourn\u00e9e terminer la m\u00eame \u00e9tape. Malheureusement, le temps \u00e9tait trop impr\u00e9visible et comme il s&#8217;agissait d&#8217;une \u00e9tape si courte, la d\u00e9cision a \u00e9t\u00e9 prise de rentrer \u00e0 Morzine en sachant que toute l&#8217;\u00e9tape pourrait \u00eatre regard\u00e9e depuis la s\u00e9curit\u00e9 et la chaleur du canap\u00e9 !<\/p>\n<p>Un voyage passionnant et m\u00e9morable pour Buzz qui n&#8217;a pas laiss\u00e9 le temps entamer son moral et a r\u00e9ussi \u00e0 voir une grande partie du circuit comme pr\u00e9vu, g\u00e9nial !<\/p>\n","protected":false},"excerpt":{"rendered":"En attendant que le Tour de France revienne sur les c\u00e9l\u00e8bres cols entourant Morzine (ce n&#8217;est qu&#8217;une question de temps !), Buzz vous propose quelques jours d&#8217;aventure pour suivre le Tour l\u00e0 o\u00f9 il se trouve le plus pr\u00e8s de chez vous. Pour le tour 2019, nous sommes rest\u00e9s \u00e0 Valmienier, \u00e0 3 heures de&#8230;","protected":false},"author":2,"featured_media":1368,"comment_status":"closed","ping_status":"closed","sticky":false,"template":"","format":"standard","meta":{"footnotes":""},"categories":[104],"class_list":["post-2294","post","type-post","status-publish","format-standard","has-post-thumbnail","hentry","category-cyclisme"],"yoast_head":"<!-- This site is optimized with the Yoast SEO plugin v24.0 - https:\/\/yoast.com\/wordpress\/plugins\/seo\/ -->\n<title>Tour de France 2019 - Buzz Performance<\/title>\n<meta name=\"robots\" content=\"index, follow, max-snippet:-1, max-image-preview:large, max-video-preview:-1\" \/>\n<link rel=\"canonical\" href=\"https:\/\/buzzperformance.com\/fr\/blog\/tour-de-france-2019\/\" \/>\n<meta property=\"og:locale\" content=\"fr_FR\" \/>\n<meta property=\"og:type\" content=\"article\" \/>\n<meta property=\"og:title\" content=\"Tour de France 2019 - Buzz Performance\" \/>\n<meta property=\"og:description\" content=\"En attendant que le Tour de France revienne sur les c\u00e9l\u00e8bres cols entourant Morzine (ce n&#8217;est qu&#8217;une question de temps !), Buzz vous propose quelques jours d&#8217;aventure pour suivre le Tour l\u00e0 o\u00f9 il se trouve le plus pr\u00e8s de chez vous. Pour le tour 2019, nous sommes rest\u00e9s \u00e0 Valmienier, \u00e0 3 heures de...\" \/>\n<meta property=\"og:url\" content=\"https:\/\/buzzperformance.com\/fr\/blog\/tour-de-france-2019\/\" \/>\n<meta property=\"og:site_name\" content=\"Buzz Performance\" \/>\n<meta property=\"article:published_time\" content=\"2020-12-30T20:05:21+00:00\" \/>\n<meta property=\"article:modified_time\" content=\"2021-04-29T15:20:28+00:00\" \/>\n<meta property=\"og:image\" content=\"https:\/\/buzzperformance.com\/wp-content\/uploads\/2020\/12\/BUZZ-RDGA-0758.jpg\" \/>\n\t<meta property=\"og:image:width\" content=\"1900\" \/>\n\t<meta property=\"og:image:height\" content=\"1267\" \/>\n\t<meta property=\"og:image:type\" content=\"image\/jpeg\" \/>\n<meta name=\"author\" content=\"Amelia\" \/>\n<meta name=\"twitter:card\" content=\"summary_large_image\" \/>\n<meta name=\"twitter:label1\" content=\"\u00c9crit par\" \/>\n\t<meta name=\"twitter:data1\" content=\"Amelia\" \/>\n\t<meta name=\"twitter:label2\" content=\"Dur\u00e9e de lecture estim\u00e9e\" \/>\n\t<meta name=\"twitter:data2\" content=\"5 minutes\" \/>\n<script type=\"application\/ld+json\" class=\"yoast-schema-graph\">{\"@context\":\"https:\/\/schema.org\",\"@graph\":[{\"@type\":\"WebPage\",\"@id\":\"https:\/\/buzzperformance.com\/fr\/blog\/tour-de-france-2019\/\",\"url\":\"https:\/\/buzzperformance.com\/fr\/blog\/tour-de-france-2019\/\",\"name\":\"Tour de France 2019 - Buzz Performance\",\"isPartOf\":{\"@id\":\"https:\/\/buzzperformance.com\/fr\/#website\"},\"primaryImageOfPage\":{\"@id\":\"https:\/\/buzzperformance.com\/fr\/blog\/tour-de-france-2019\/#primaryimage\"},\"image\":{\"@id\":\"https:\/\/buzzperformance.com\/fr\/blog\/tour-de-france-2019\/#primaryimage\"},\"thumbnailUrl\":\"https:\/\/buzzperformance.com\/wp-content\/uploads\/2020\/12\/BUZZ-RDGA-0758.jpg\",\"datePublished\":\"2020-12-30T20:05:21+00:00\",\"dateModified\":\"2021-04-29T15:20:28+00:00\",\"author\":{\"@id\":\"https:\/\/buzzperformance.com\/fr\/#\/schema\/person\/19f35d1196ce45065507cd914e6ecd15\"},\"breadcrumb\":{\"@id\":\"https:\/\/buzzperformance.com\/fr\/blog\/tour-de-france-2019\/#breadcrumb\"},\"inLanguage\":\"fr-FR\",\"potentialAction\":[{\"@type\":\"ReadAction\",\"target\":[\"https:\/\/buzzperformance.com\/fr\/blog\/tour-de-france-2019\/\"]}]},{\"@type\":\"ImageObject\",\"inLanguage\":\"fr-FR\",\"@id\":\"https:\/\/buzzperformance.com\/fr\/blog\/tour-de-france-2019\/#primaryimage\",\"url\":\"https:\/\/buzzperformance.com\/wp-content\/uploads\/2020\/12\/BUZZ-RDGA-0758.jpg\",\"contentUrl\":\"https:\/\/buzzperformance.com\/wp-content\/uploads\/2020\/12\/BUZZ-RDGA-0758.jpg\",\"width\":1900,\"height\":1267},{\"@type\":\"BreadcrumbList\",\"@id\":\"https:\/\/buzzperformance.com\/fr\/blog\/tour-de-france-2019\/#breadcrumb\",\"itemListElement\":[{\"@type\":\"ListItem\",\"position\":1,\"name\":\"Home\",\"item\":\"https:\/\/buzzperformance.com\/fr\/triathlon-fitness-et-entrainement-cycliste-dans-les-alpes-francaises\/\"},{\"@type\":\"ListItem\",\"position\":2,\"name\":\"Tour de France 2019\"}]},{\"@type\":\"WebSite\",\"@id\":\"https:\/\/buzzperformance.com\/fr\/#website\",\"url\":\"https:\/\/buzzperformance.com\/fr\/\",\"name\":\"Buzz Performance\",\"description\":\"\",\"potentialAction\":[{\"@type\":\"SearchAction\",\"target\":{\"@type\":\"EntryPoint\",\"urlTemplate\":\"https:\/\/buzzperformance.com\/fr\/?s={search_term_string}\"},\"query-input\":{\"@type\":\"PropertyValueSpecification\",\"valueRequired\":true,\"valueName\":\"search_term_string\"}}],\"inLanguage\":\"fr-FR\"},{\"@type\":\"Person\",\"@id\":\"https:\/\/buzzperformance.com\/fr\/#\/schema\/person\/19f35d1196ce45065507cd914e6ecd15\",\"name\":\"Amelia\",\"image\":{\"@type\":\"ImageObject\",\"inLanguage\":\"fr-FR\",\"@id\":\"https:\/\/buzzperformance.com\/fr\/#\/schema\/person\/image\/\",\"url\":\"https:\/\/secure.gravatar.com\/avatar\/1afebb91b0609fba8d75cc5158416877?s=96&d=mm&r=g\",\"contentUrl\":\"https:\/\/secure.gravatar.com\/avatar\/1afebb91b0609fba8d75cc5158416877?s=96&d=mm&r=g\",\"caption\":\"Amelia\"},\"url\":\"https:\/\/buzzperformance.com\/fr\/blog\/author\/amelia\/\"}]}<\/script>\n<!-- \/ Yoast SEO plugin. -->","yoast_head_json":{"title":"Tour de France 2019 - Buzz Performance","robots":{"index":"index","follow":"follow","max-snippet":"max-snippet:-1","max-image-preview":"max-image-preview:large","max-video-preview":"max-video-preview:-1"},"canonical":"https:\/\/buzzperformance.com\/fr\/blog\/tour-de-france-2019\/","og_locale":"fr_FR","og_type":"article","og_title":"Tour de France 2019 - Buzz Performance","og_description":"En attendant que le Tour de France revienne sur les c\u00e9l\u00e8bres cols entourant Morzine (ce n&#8217;est qu&#8217;une question de temps !), Buzz vous propose quelques jours d&#8217;aventure pour suivre le Tour l\u00e0 o\u00f9 il se trouve le plus pr\u00e8s de chez vous. Pour le tour 2019, nous sommes rest\u00e9s \u00e0 Valmienier, \u00e0 3 heures de...","og_url":"https:\/\/buzzperformance.com\/fr\/blog\/tour-de-france-2019\/","og_site_name":"Buzz Performance","article_published_time":"2020-12-30T20:05:21+00:00","article_modified_time":"2021-04-29T15:20:28+00:00","og_image":[{"width":1900,"height":1267,"url":"https:\/\/buzzperformance.com\/wp-content\/uploads\/2020\/12\/BUZZ-RDGA-0758.jpg","type":"image\/jpeg"}],"author":"Amelia","twitter_card":"summary_large_image","twitter_misc":{"\u00c9crit par":"Amelia","Dur\u00e9e de lecture estim\u00e9e":"5 minutes"},"schema":{"@context":"https:\/\/schema.org","@graph":[{"@type":"WebPage","@id":"https:\/\/buzzperformance.com\/fr\/blog\/tour-de-france-2019\/","url":"https:\/\/buzzperformance.com\/fr\/blog\/tour-de-france-2019\/","name":"Tour de France 2019 - Buzz Performance","isPartOf":{"@id":"https:\/\/buzzperformance.com\/fr\/#website"},"primaryImageOfPage":{"@id":"https:\/\/buzzperformance.com\/fr\/blog\/tour-de-france-2019\/#primaryimage"},"image":{"@id":"https:\/\/buzzperformance.com\/fr\/blog\/tour-de-france-2019\/#primaryimage"},"thumbnailUrl":"https:\/\/buzzperformance.com\/wp-content\/uploads\/2020\/12\/BUZZ-RDGA-0758.jpg","datePublished":"2020-12-30T20:05:21+00:00","dateModified":"2021-04-29T15:20:28+00:00","author":{"@id":"https:\/\/buzzperformance.com\/fr\/#\/schema\/person\/19f35d1196ce45065507cd914e6ecd15"},"breadcrumb":{"@id":"https:\/\/buzzperformance.com\/fr\/blog\/tour-de-france-2019\/#breadcrumb"},"inLanguage":"fr-FR","potentialAction":[{"@type":"ReadAction","target":["https:\/\/buzzperformance.com\/fr\/blog\/tour-de-france-2019\/"]}]},{"@type":"ImageObject","inLanguage":"fr-FR","@id":"https:\/\/buzzperformance.com\/fr\/blog\/tour-de-france-2019\/#primaryimage","url":"https:\/\/buzzperformance.com\/wp-content\/uploads\/2020\/12\/BUZZ-RDGA-0758.jpg","contentUrl":"https:\/\/buzzperformance.com\/wp-content\/uploads\/2020\/12\/BUZZ-RDGA-0758.jpg","width":1900,"height":1267},{"@type":"BreadcrumbList","@id":"https:\/\/buzzperformance.com\/fr\/blog\/tour-de-france-2019\/#breadcrumb","itemListElement":[{"@type":"ListItem","position":1,"name":"Home","item":"https:\/\/buzzperformance.com\/fr\/triathlon-fitness-et-entrainement-cycliste-dans-les-alpes-francaises\/"},{"@type":"ListItem","position":2,"name":"Tour de France 2019"}]},{"@type":"WebSite","@id":"https:\/\/buzzperformance.com\/fr\/#website","url":"https:\/\/buzzperformance.com\/fr\/","name":"Buzz Performance","description":"","potentialAction":[{"@type":"SearchAction","target":{"@type":"EntryPoint","urlTemplate":"https:\/\/buzzperformance.com\/fr\/?s={search_term_string}"},"query-input":{"@type":"PropertyValueSpecification","valueRequired":true,"valueName":"search_term_string"}}],"inLanguage":"fr-FR"},{"@type":"Person","@id":"https:\/\/buzzperformance.com\/fr\/#\/schema\/person\/19f35d1196ce45065507cd914e6ecd15","name":"Amelia","image":{"@type":"ImageObject","inLanguage":"fr-FR","@id":"https:\/\/buzzperformance.com\/fr\/#\/schema\/person\/image\/","url":"https:\/\/secure.gravatar.com\/avatar\/1afebb91b0609fba8d75cc5158416877?s=96&d=mm&r=g","contentUrl":"https:\/\/secure.gravatar.com\/avatar\/1afebb91b0609fba8d75cc5158416877?s=96&d=mm&r=g","caption":"Amelia"},"url":"https:\/\/buzzperformance.com\/fr\/blog\/author\/amelia\/"}]}},"_links":{"self":[{"href":"https:\/\/buzzperformance.com\/fr\/wp-json\/wp\/v2\/posts\/2294","targetHints":{"allow":["GET"]}}],"collection":[{"href":"https:\/\/buzzperformance.com\/fr\/wp-json\/wp\/v2\/posts"}],"about":[{"href":"https:\/\/buzzperformance.com\/fr\/wp-json\/wp\/v2\/types\/post"}],"author":[{"embeddable":true,"href":"https:\/\/buzzperformance.com\/fr\/wp-json\/wp\/v2\/users\/2"}],"replies":[{"embeddable":true,"href":"https:\/\/buzzperformance.com\/fr\/wp-json\/wp\/v2\/comments?post=2294"}],"version-history":[{"count":1,"href":"https:\/\/buzzperformance.com\/fr\/wp-json\/wp\/v2\/posts\/2294\/revisions"}],"predecessor-version":[{"id":2338,"href":"https:\/\/buzzperformance.com\/fr\/wp-json\/wp\/v2\/posts\/2294\/revisions\/2338"}],"wp:featuredmedia":[{"embeddable":true,"href":"https:\/\/buzzperformance.com\/fr\/wp-json\/wp\/v2\/media\/1368"}],"wp:attachment":[{"href":"https:\/\/buzzperformance.com\/fr\/wp-json\/wp\/v2\/media?parent=2294"}],"wp:term":[{"taxonomy":"category","embeddable":true,"href":"https:\/\/buzzperformance.com\/fr\/wp-json\/wp\/v2\/categories?post=2294"}],"curies":[{"name":"wp","href":"https:\/\/api.w.org\/{rel}","templated":true}]}}